{"id":29853,"date":"2023-11-12T21:36:14","date_gmt":"2023-11-12T20:36:14","guid":{"rendered":"https:\/\/imalanc.ro\/w\/?p=29853"},"modified":"2023-11-16T21:14:20","modified_gmt":"2023-11-16T20:14:20","slug":"virrasszatok-tehat-mert-nem-ismeritek-sem-a-napot-sem-az-orat-7","status":"publish","type":"post","link":"https:\/\/imalanc.ro\/w\/virrasszatok-tehat-mert-nem-ismeritek-sem-a-napot-sem-az-orat-7\/","title":{"rendered":"Virrasszatok teh\u00e1t, mert nem ismeritek sem a napot, sem az \u00f3r\u00e1t!"},"content":{"rendered":"<p><em>Abban az id\u0151ben J\u00e9zus a k\u00f6vetkez\u0151 p\u00e9ldabesz\u00e9det mondta tan\u00edtv\u00e1nyainak:<\/em><br \/>\n<span id=\"more-23818\"><\/span><!--more--><\/p>\n<p class=\"image\"><img loading=\"lazy\" decoding=\"async\" class=\"aligncenter\" title=\"\u00d6ten k\u00f6z\u00fcl\u00fck balg\u00e1k voltak, \u00f6ten pedig okosak. A balg\u00e1k fogt\u00e1k a l\u00e1mp\u00e1sukat, de olajat nem vittek magukkal; az okosak azonban kors\u00f3ikban olajat is vittek l\u00e1mp\u00e1saikhoz.\" src=\"https:\/\/imalanc.ro\/w\/wp-content\/uploads\/Sokasag-a-papalatogatason.jpg\" alt=\"\" width=\"580\" height=\"384\" \/><\/p>\n<p><em>\u00a0 A mennyek orsz\u00e1ga olyan, mint az a t\u00edz sz\u0171z, akik vett\u00e9k l\u00e1mp\u00e1ikat, \u00e9s kimentek a v\u0151leg\u00e9ny el\u00e9. \u00d6ten k\u00f6z\u00fcl\u00fck balg\u00e1k voltak, \u00f6ten pedig okosak. A balg\u00e1k fogt\u00e1k a l\u00e1mp\u00e1sukat, de olajat nem vittek magukkal; az okosak azonban kors\u00f3ikban olajat is vittek l\u00e1mp\u00e1saikhoz.<\/em><\/p>\n<p><em>\u00a0 \u00a0K\u00e9sett a v\u0151leg\u00e9ny, s \u0151k mind el\u00e1lmosodtak \u00e9s elaludtak. Az \u00e9jszaka k\u00f6zep\u00e9n egyszerre ki\u00e1lt\u00e1s hangzott: \u201e\u00cdme, a v\u0151leg\u00e9ny! Menjetek el\u00e9je!\u201d Erre a sz\u00fczek mindny\u00e1jan f\u00f6l\u00e9bredtek, \u00e9s felsz\u00edtott\u00e1k l\u00e1mp\u00e1saikat. A balg\u00e1k k\u00e9rt\u00e9k az okosakat: \u201eAdjatok az olajotokb\u00f3l, mert l\u00e1mp\u00e1saink kialv\u00f3ban vannak!\u201d Az okosak ezt v\u00e1laszolt\u00e1k: \u201eNem lehet, nehogy nek\u00fcnk is, nektek is kev\u00e9s legyen. Ink\u00e1bb menjetek el a keresked\u0151kh\u00f6z, \u00e9s vegyetek magatoknak!\u201d<\/em><\/p>\n<p><em>\u00a0 \u00a0M\u00edg azok v\u00e1s\u00e1rolni mentek, meg\u00e9rkezett a v\u0151leg\u00e9ny, \u00e9s akik k\u00e9szen voltak, bementek vele a menyegz\u0151re; az ajt\u00f3 pedig bez\u00e1rult. K\u00e9s\u0151bb meg\u00e9rkezett a t\u00f6bbi sz\u0171z is. \u00cdgy sz\u00f3ltak: \u201eUram, uram! Nyiss ajt\u00f3t nek\u00fcnk!\u201d De \u0151 \u00edgy v\u00e1laszolt: \u201eBizony, mondom nektek, nem ismerlek titeket!\u201d<\/em><br \/>\n<em>Virrasszatok teh\u00e1t, mert nem ismeritek sem a napot, sem az \u00f3r\u00e1t!<\/em><\/p>\n<p><strong><em>\u00a0 \u00a0 \u00a0 \u00a0 \u00a0 \u00a0 \u00a0 \u00a0 \u00a0 \u00a0 \u00a0 \u00a0 \u00a0 \u00a0 \u00a0 \u00a0 \u00a0 \u00a0 \u00a0 \u00a0 \u00a0 \u00a0 \u00a0 M\u00e1t\u00e9 Evang\u00e9liuma 25, 1-13<\/em><\/strong><\/p>\n<p>A sz\u0171zekr\u0151l sz\u00f3l\u00f3 p\u00e9ldabesz\u00e9d a h\u0171 \u00e9s balga szolg\u00e1r\u00f3l sz\u00f3l\u00f3 p\u00e9ldabesz\u00e9d n\u0151i v\u00e1ltozata (<strong>Mt 24, 45-51<\/strong>). Itt is a virraszt\u00e1son \u00e9s a helyes \u00e9letm\u00f3don van a hangs\u00faly. Az \u00c9nekek \u00c9nek\u00e9ben Isten a v\u0151leg\u00e9ny, Izrael a menyasszony. A p\u00e9ldabesz\u00e9d id\u0151nap el\u0151tt balg\u00e1knak nevezi a t\u00f6bbi \u00f6t sz\u0171zet. Nem lehet eld\u00f6nteni, hogy a sz\u0171zek a koszor\u00fasl\u00e1nyokat helyettes\u00edtik, vagy a v\u0151leg\u00e9ny\u00e9t v\u00e1r\u00f3 menyasszonyt jelk\u00e9pezik. Az okos sz\u0171zek a v\u00e1rakoz\u00f3 tan\u00edtv\u00e1nyoknak a p\u00e9ldak\u00e9pei. B\u00e1r nem a virraszt\u00e1son van a hangs\u00faly, de m\u00e9gis a k\u00e9szenl\u00e9t fontoss\u00e1g\u00e1ra mutat.<\/p>\n<p>Az olaj az \u00e9let sor\u00e1n \u00f6sszegy\u0171jt\u00f6tt j\u00f3cselekedeteket jelk\u00e9pezi. Ezeket nem lehet egy \u00e9jszaka bep\u00f3tolni. Ezeket csak apr\u00e1nk\u00e9nt, a rendelkez\u00e9s\u00fcnkre \u00e1ll\u00f3 id\u0151intervallumokban lehet becserk\u00e9szni.<\/p>\n<p>A balga sz\u0171zek sikertelens\u00e9ge az \u00e9let sor\u00e1n elvesztegetett lehet\u0151s\u00e9geknek a k\u00f6vetkezm\u00e9nye. Ugyanakkor mindenkori figyelmeztet\u00e9s sz\u00e1munkra, hogy a megt\u00e9r\u00e9s\u00fcnket, a j\u00f3ra val\u00f3 k\u00e9szs\u00e9g\u00fcnket nem hagyhatjuk az utols\u00f3 24 \u00f3r\u00e1ra. Az \u00fcdv\u00f6ss\u00e9g szem\u00e9lyes d\u00f6nt\u00e9s, ez\u00e9rt nem lehet senkivel sem helyet, vagy j\u00f3cselekedeteket cser\u00e9lni.<\/p>\n<p>Az Egyh\u00e1z mindig is v\u0151leg\u00e9nyk\u00e9nt gondolt Krisztusra, aki a saj\u00e1t \u00e9let\u00e9vel t\u00e1pl\u00e1lja, v\u00e9delmezi \u00e9s vezeti \u0150t. Krisztus az Egyh\u00e1z v\u0151leg\u00e9nye, ez\u00e9rt az Egyh\u00e1z soha nem lesz \u00e1rva.<\/p>\n<p style=\"text-align: right;\"><strong><em>Ft. R\u00e1duly Istv\u00e1n Zsolt, Torda<\/em><\/strong><\/p>\n","protected":false},"excerpt":{"rendered":"Abban az id\u0151ben J\u00e9zus a k\u00f6vetkez\u0151 p\u00e9ldabesz\u00e9det mondta tan\u00edtv\u00e1nyainak:","protected":false},"author":2,"featured_media":21044,"comment_status":"closed","ping_status":"closed","sticky":false,"template":"","format":"standard","meta":{"footnotes":""},"categories":[6],"tags":[],"class_list":["post-29853","post","type-post","status-publish","format-standard","has-post-thumbnail","hentry","category-igehirdetesek"],"_links":{"self":[{"href":"https:\/\/imalanc.ro\/w\/wp-json\/wp\/v2\/posts\/29853","targetHints":{"allow":["GET"]}}],"collection":[{"href":"https:\/\/imalanc.ro\/w\/wp-json\/wp\/v2\/posts"}],"about":[{"href":"https:\/\/imalanc.ro\/w\/wp-json\/wp\/v2\/types\/post"}],"author":[{"embeddable":true,"href":"https:\/\/imalanc.ro\/w\/wp-json\/wp\/v2\/users\/2"}],"replies":[{"embeddable":true,"href":"https:\/\/imalanc.ro\/w\/wp-json\/wp\/v2\/comments?post=29853"}],"version-history":[{"count":3,"href":"https:\/\/imalanc.ro\/w\/wp-json\/wp\/v2\/posts\/29853\/revisions"}],"predecessor-version":[{"id":29859,"href":"https:\/\/imalanc.ro\/w\/wp-json\/wp\/v2\/posts\/29853\/revisions\/29859"}],"wp:featuredmedia":[{"embeddable":true,"href":"https:\/\/imalanc.ro\/w\/wp-json\/wp\/v2\/media\/21044"}],"wp:attachment":[{"href":"https:\/\/imalanc.ro\/w\/wp-json\/wp\/v2\/media?parent=29853"}],"wp:term":[{"taxonomy":"category","embeddable":true,"href":"https:\/\/imalanc.ro\/w\/wp-json\/wp\/v2\/categories?post=29853"},{"taxonomy":"post_tag","embeddable":true,"href":"https:\/\/imalanc.ro\/w\/wp-json\/wp\/v2\/tags?post=29853"}],"curies":[{"name":"wp","href":"https:\/\/api.w.org\/{rel}","templated":true}]}}