{"id":29850,"date":"2023-11-11T13:41:23","date_gmt":"2023-11-11T12:41:23","guid":{"rendered":"https:\/\/imalanc.ro\/w\/?p=29850"},"modified":"2023-11-15T12:55:15","modified_gmt":"2023-11-15T11:55:15","slug":"ami-ugyanis-az-emberek-szemeben-nagy-isten-elott-semmiseg-2","status":"publish","type":"post","link":"https:\/\/imalanc.ro\/w\/ami-ugyanis-az-emberek-szemeben-nagy-isten-elott-semmiseg-2\/","title":{"rendered":"Ami ugyanis az emberek szem\u00e9ben nagy, Isten el\u0151tt semmis\u00e9g"},"content":{"rendered":"<p><em>J\u00e9zus egyszer \u00edgy besz\u00e9lt tan\u00edtv\u00e1nyaihoz:<\/em><br \/>\n<!--more--><img loading=\"lazy\" decoding=\"async\" class=\"aligncenter\" title=\"Egy szolga sem szolg\u00e1lhat k\u00e9t \u00farnak. Mert vagy az egyiket gy\u0171l\u00f6li, \u00e9s a m\u00e1sikat szereti, vagy: ragaszkodik az egyikhez, \u00e9s a m\u00e1sikat megveti.\" src=\"https:\/\/imalanc.ro\/w\/wp-content\/uploads\/Miseruha-beoltozes.jpg\" alt=\"\" width=\"580\" height=\"386\" \/><\/p>\n<p><em>\u201eMondom nektek: Szerezzetek magatoknak bar\u00e1tokat a hamis mammonb\u00f3l, hogy amikor meghaltok, befogadjanak titeket az \u00f6r\u00f6k hajl\u00e9kokba. Aki a kicsiben h\u0171, az a nagyban is h\u0171. Aki pedig h\u0171tlen a kicsiben, az a nagyban is h\u0171tlen. Ha teh\u00e1t a hamis mammonban nem voltatok h\u0171s\u00e9gesek, ki b\u00edzza r\u00e1tok az igazi \u00e9rt\u00e9ket? \u00c9s ha a m\u00e1s\u00e9ban nem voltatok h\u0171ek, ki adja oda nektek a ti\u00e9teket?<\/em><\/p>\n<p><em>Egy szolga sem szolg\u00e1lhat k\u00e9t \u00farnak. Mert vagy az egyiket gy\u0171l\u00f6li, \u00e9s a m\u00e1sikat szereti, vagy: ragaszkodik az egyikhez, \u00e9s a m\u00e1sikat megveti. Nem szolg\u00e1lhattok Istennek \u00e9s a mammonnak.\u201d<\/em><\/p>\n<p><em>Hallott\u00e1k mindezt a kapzsi farizeusok, \u00e9s kig\u00fanyolt\u00e1k \u0151t. De J\u00e9zus kijelentette: \u201eTi igazaknak mutatj\u00e1tok magatokat az emberek el\u0151tt, de Isten ismeri sz\u00edveteket. Ami ugyanis az emberek szem\u00e9ben nagy, Isten el\u0151tt semmis\u00e9g.\u201d<\/em><\/p>\n<p style=\"text-align: center;\"><strong><em>Luk\u00e1cs\u00a0 Evang\u00e9liuma 16, 9-15<\/em><\/strong><\/p>\n<p>J\u00e9zus nem ellenzi a gazdags\u00e1got, hiszen nagyszer\u0171 lehet\u0151s\u00e9geket rejt \u00f6nmag\u00e1ban. Ink\u00e1bb a hozz\u00e1 val\u00f3 helytelen viszonyul\u00e1st tartja vesz\u00e9lyesnek, amely az embert f\u00fcgg\u0151v\u00e9, elk\u00f6telezett\u00e9 teszi.<\/p>\n<p>Ugyanakkor arra b\u00e1tor\u00edtja hallgat\u00f3it, hogy szerezzenek min\u00e9l t\u00f6bb bar\u00e1tot a vagyonb\u00f3l, azaz gazdagodjanak meg, de ez a bar\u00e1ts\u00e1g nem lehet \u00f6nc\u00e9l\u00fa, hanem m\u00e1sok j\u00f3l\u00e9t\u00e9t tartja szem el\u0151tt. Sz\u00f3ba ker\u00fcl a h\u0171s\u00e9g, amely az anyagi \u00e9rt\u00e9kek ir\u00e1nti helyes viszonyul\u00e1st jelenti.<\/p>\n<p>Aki vagyon\u00e1ra \u00fcgyel, azt kamatoztatja, az nem fog k\u00e9s\u0151bb sem pazarolni. Innen sz\u00e1rmazik az a gondola, hogy aki a kev\u00e9sben h\u0171 marad, az k\u00e9s\u0151bb sem fog rendetlen\u00fcl viszonyulni az anyagi javakhoz. Ugyanakkor van egy nagyon \u00e9les hat\u00e1r az anyagiakhoz val\u00f3 ragaszkod\u00e1s \u00e9s a t\u0151le val\u00f3 f\u00fcggetlens\u00e9g k\u00f6zt. J\u00e9zus ez\u00e9rt figyelmezteti hallgat\u00f3s\u00e1g\u00e1t az anyagiakhoz val\u00f3 helytelen ragaszkod\u00e1s miatt.<\/p>\n<p style=\"text-align: right;\"><strong><em>Ft. R\u00e1duly Istv\u00e1n Zsolt, Torda<\/em><\/strong><\/p>\n","protected":false},"excerpt":{"rendered":"J\u00e9zus egyszer \u00edgy besz\u00e9lt tan\u00edtv\u00e1nyaihoz:","protected":false},"author":2,"featured_media":29289,"comment_status":"closed","ping_status":"closed","sticky":false,"template":"","format":"standard","meta":{"footnotes":""},"categories":[6],"tags":[],"class_list":["post-29850","post","type-post","status-publish","format-standard","has-post-thumbnail","hentry","category-igehirdetesek"],"_links":{"self":[{"href":"https:\/\/imalanc.ro\/w\/wp-json\/wp\/v2\/posts\/29850","targetHints":{"allow":["GET"]}}],"collection":[{"href":"https:\/\/imalanc.ro\/w\/wp-json\/wp\/v2\/posts"}],"about":[{"href":"https:\/\/imalanc.ro\/w\/wp-json\/wp\/v2\/types\/post"}],"author":[{"embeddable":true,"href":"https:\/\/imalanc.ro\/w\/wp-json\/wp\/v2\/users\/2"}],"replies":[{"embeddable":true,"href":"https:\/\/imalanc.ro\/w\/wp-json\/wp\/v2\/comments?post=29850"}],"version-history":[{"count":4,"href":"https:\/\/imalanc.ro\/w\/wp-json\/wp\/v2\/posts\/29850\/revisions"}],"predecessor-version":[{"id":29862,"href":"https:\/\/imalanc.ro\/w\/wp-json\/wp\/v2\/posts\/29850\/revisions\/29862"}],"wp:featuredmedia":[{"embeddable":true,"href":"https:\/\/imalanc.ro\/w\/wp-json\/wp\/v2\/media\/29289"}],"wp:attachment":[{"href":"https:\/\/imalanc.ro\/w\/wp-json\/wp\/v2\/media?parent=29850"}],"wp:term":[{"taxonomy":"category","embeddable":true,"href":"https:\/\/imalanc.ro\/w\/wp-json\/wp\/v2\/categories?post=29850"},{"taxonomy":"post_tag","embeddable":true,"href":"https:\/\/imalanc.ro\/w\/wp-json\/wp\/v2\/tags?post=29850"}],"curies":[{"name":"wp","href":"https:\/\/api.w.org\/{rel}","templated":true}]}}