{"id":29848,"date":"2023-11-10T01:33:58","date_gmt":"2023-11-10T00:33:58","guid":{"rendered":"https:\/\/imalanc.ro\/w\/?p=29848"},"modified":"2023-11-15T12:54:55","modified_gmt":"2023-11-15T11:54:55","slug":"a-vilag-fiai-a-maguk-modjan-okosabbak-a-vilagossag-fiainal-4","status":"publish","type":"post","link":"https:\/\/imalanc.ro\/w\/a-vilag-fiai-a-maguk-modjan-okosabbak-a-vilagossag-fiainal-4\/","title":{"rendered":"A vil\u00e1g fiai a maguk m\u00f3dj\u00e1n okosabbak a vil\u00e1goss\u00e1g fiain\u00e1l"},"content":{"rendered":"<p><em>Abban az id\u0151ben J\u00e9zus ezt a p\u00e9ldabesz\u00e9det mondta tan\u00edtv\u00e1nyainak:<\/em><br \/>\n<!--more--><a href=\"https:\/\/imalanc.ro\/w\/wp-content\/uploads\/Kerni-a-Szentlelek-megvilagosito-erejet-1.jpg\"><img loading=\"lazy\" decoding=\"async\" class=\"size-full wp-image-26733 aligncenter\" src=\"https:\/\/imalanc.ro\/w\/wp-content\/uploads\/Kerni-a-Szentlelek-megvilagosito-erejet-1.jpg\" alt=\"\" width=\"580\" height=\"435\" srcset=\"https:\/\/imalanc.ro\/w\/wp-content\/uploads\/Kerni-a-Szentlelek-megvilagosito-erejet-1.jpg 580w, https:\/\/imalanc.ro\/w\/wp-content\/uploads\/Kerni-a-Szentlelek-megvilagosito-erejet-1-300x225.jpg 300w\" sizes=\"auto, (max-width: 580px) 100vw, 580px\" \/><\/a><\/p>\n<p><em>\u201eEgy gazdag ember el\u0151tt bev\u00e1dolt\u00e1k int\u00e9z\u0151j\u00e9t, hogy elt\u00e9kozolja ura vagyon\u00e1t. Erre \u0151 mag\u00e1hoz h\u00edvatta \u00e9s \u00edgy sz\u00f3lt hozz\u00e1: \u00bbMit hallok r\u00f3lad? Adj sz\u00e1mot gazd\u00e1lkod\u00e1sodr\u00f3l, mert nem maradhatsz tov\u00e1bb int\u00e9z\u0151m.\u00ab<\/em><\/p>\n<p><em>Az int\u00e9z\u0151 \u00edgy gondolkodott mag\u00e1ban: \u00bbMit\u00e9v\u0151 legyek, ha uram elveszi t\u0151lem az int\u00e9z\u0151s\u00e9get? Kap\u00e1lni nem tudok, koldulni sz\u00e9gyellek. Tudom m\u00e1r, mit teszek, hogy befogadjanak az emberek h\u00e1zukba, ha gazd\u00e1m elmozd\u00edt az int\u00e9z\u0151s\u00e9gb\u0151l.\u00ab Egyenk\u00e9nt mag\u00e1hoz h\u00edvatta teh\u00e1t ur\u00e1nak ad\u00f3sait. Megk\u00e9rdezte az els\u0151t: \u00bbMennyivel tartozol uramnak?\u00ab Azt felelte: \u00bbSz\u00e1z kors\u00f3 olajjal.\u00ab <\/em><\/p>\n<p><em>Erre azt mondta neki; \u00bbVedd el\u0151 ad\u00f3sleveledet, \u00fclj le hamar, \u00e9s \u00edrj \u00f6tvenet.\u00ab Azt\u00e1n megk\u00e9rdezett egy m\u00e1sikat: \u00bbTe mennyivel tartozol?\u00ab \u00bbSz\u00e1z v\u00e9ka b\u00faz\u00e1val\u00ab \u2013 hangzott a v\u00e1lasz. \u00bbFogd ad\u00f3sleveledet \u2013 mondta neki \u2013, \u00e9s \u00edrj nyolcvanat.\u00ab<\/em><\/p>\n<p><em>Az \u00far megdics\u00e9rte a h\u0171tlen int\u00e9z\u0151t, hogy okosan j\u00e1rt el.<\/em><\/p>\n<p><em>Bizony, a vil\u00e1g fiai a maguk m\u00f3dj\u00e1n okosabbak a vil\u00e1goss\u00e1g fiain\u00e1l.\u201d<\/em><\/p>\n<p style=\"text-align: center;\"><strong><em>Luk\u00e1cs Evang\u00e9liuma <\/em><\/strong><strong><em>16, 1-8<\/em><\/strong><\/p>\n<p>A hamis int\u00e9z\u0151 p\u00e9ldabesz\u00e9d\u00e9n kereszt\u00fcl J\u00e9zus bemutatja azt, hogy hogyan m\u0171k\u00f6dik az emberi kapcsolatok k\u00fasza h\u00e1l\u00f3zata.<\/p>\n<p>A vil\u00e1g fiai a maguk m\u00f3dj\u00e1n sokkal \u00e9lelmesebbek, \u00fcgyesebbek, jobban el tudnak igazodni a t\u00e1rsadalomban. A p\u00e9ldabesz\u00e9d nem dics\u00e9ri az ad\u00f3csal\u00e1st, de egy \u00faj t\u00e1vlatot mutat be, amely az \u00fczleti vil\u00e1g saj\u00e1tos nyelvezet\u00e9vel \u00e9p\u00edti be J\u00e9zus evang\u00e9lium\u00e1nak az \u00fczenet\u00e9t.<\/p>\n<p>A vil\u00e1g saj\u00e1tos mechanizmusokkal m\u0171k\u00f6dik, ezeket nem lehet figyelmen k\u00edv\u00fcl hagyni. A vil\u00e1goss\u00e1g fiai tanulhatnak az int\u00e9z\u0151 magatart\u00e1s\u00e1b\u00f3l, aki nem esik k\u00e9ts\u00e9gbe ,amikor elad\u00f3sodik, hanem megragadja a lehet\u0151s\u00e9get \u00e9s ur\u00e1nak ad\u00f3sain\u00e1l keres menek\u00fcl\u00e9st.<\/p>\n<p>B\u0171neink miatt mi is sokszor elad\u00f3sodunk, de van sz\u00f3sz\u00f3l\u00f3nk az Aty\u00e1n\u00e1l, J\u00e9zus. \u0150 is seg\u00edt minket ad\u00f3ss\u00e1gaink kiegyenl\u00edt\u00e9s\u00e9ben.<\/p>\n<p style=\"text-align: right;\"><strong><em>Ft. R\u00e1duly Istv\u00e1n Zsolt, Torda<\/em><\/strong><\/p>\n","protected":false},"excerpt":{"rendered":"Abban az id\u0151ben J\u00e9zus ezt a p\u00e9ldabesz\u00e9det mondta tan\u00edtv\u00e1nyainak:","protected":false},"author":2,"featured_media":29418,"comment_status":"closed","ping_status":"closed","sticky":false,"template":"","format":"standard","meta":{"footnotes":""},"categories":[6],"tags":[],"class_list":["post-29848","post","type-post","status-publish","format-standard","has-post-thumbnail","hentry","category-igehirdetesek"],"_links":{"self":[{"href":"https:\/\/imalanc.ro\/w\/wp-json\/wp\/v2\/posts\/29848","targetHints":{"allow":["GET"]}}],"collection":[{"href":"https:\/\/imalanc.ro\/w\/wp-json\/wp\/v2\/posts"}],"about":[{"href":"https:\/\/imalanc.ro\/w\/wp-json\/wp\/v2\/types\/post"}],"author":[{"embeddable":true,"href":"https:\/\/imalanc.ro\/w\/wp-json\/wp\/v2\/users\/2"}],"replies":[{"embeddable":true,"href":"https:\/\/imalanc.ro\/w\/wp-json\/wp\/v2\/comments?post=29848"}],"version-history":[{"count":1,"href":"https:\/\/imalanc.ro\/w\/wp-json\/wp\/v2\/posts\/29848\/revisions"}],"predecessor-version":[{"id":29849,"href":"https:\/\/imalanc.ro\/w\/wp-json\/wp\/v2\/posts\/29848\/revisions\/29849"}],"wp:featuredmedia":[{"embeddable":true,"href":"https:\/\/imalanc.ro\/w\/wp-json\/wp\/v2\/media\/29418"}],"wp:attachment":[{"href":"https:\/\/imalanc.ro\/w\/wp-json\/wp\/v2\/media?parent=29848"}],"wp:term":[{"taxonomy":"category","embeddable":true,"href":"https:\/\/imalanc.ro\/w\/wp-json\/wp\/v2\/categories?post=29848"},{"taxonomy":"post_tag","embeddable":true,"href":"https:\/\/imalanc.ro\/w\/wp-json\/wp\/v2\/tags?post=29848"}],"curies":[{"name":"wp","href":"https:\/\/api.w.org\/{rel}","templated":true}]}}