{"id":29840,"date":"2023-11-08T23:08:55","date_gmt":"2023-11-08T22:08:55","guid":{"rendered":"https:\/\/imalanc.ro\/w\/?p=29840"},"modified":"2023-11-15T12:54:17","modified_gmt":"2023-11-15T11:54:17","slug":"aki-kozuletek-nem-mond-le-mindarrol-amije-van-nem-lehet-az-en-tanitvanyom-3","status":"publish","type":"post","link":"https:\/\/imalanc.ro\/w\/aki-kozuletek-nem-mond-le-mindarrol-amije-van-nem-lehet-az-en-tanitvanyom-3\/","title":{"rendered":"Aki k\u00f6z\u00fcletek nem mond le mindarr\u00f3l, amije van, nem lehet az \u00e9n tan\u00edtv\u00e1nyom"},"content":{"rendered":"<p><em>Abban az id\u0151ben amikor J\u00e9zust nagy n\u00e9psokas\u00e1g k\u00f6vette, \u0151 hozz\u00e1juk fordult, \u00e9s \u00edgy sz\u00f3lt: <\/em><!--more--><a href=\"https:\/\/imalanc.ro\/w\/wp-content\/uploads\/Jezus-aldozatahoz-kapcsoljuk-oda-a-sajatunkat-is.jpg\"><img loading=\"lazy\" decoding=\"async\" class=\"aligncenter wp-image-10036 size-full\" src=\"https:\/\/imalanc.ro\/w\/wp-content\/uploads\/Jezus-aldozatahoz-kapcsoljuk-oda-a-sajatunkat-is.jpg\" alt=\"A tan\u00edtv\u00e1ny saj\u00e1t keresztj\u00e9t kell felvegye, hiszen a csal\u00e1dban kapott sebeket, \u00e9rt\u00e9keket nem lehet elv\u00e1lasztani a szem\u00e9ly\u00e9t\u0151l. Ezeket mag\u00e1val viszi, de nem kell megtagadja, mert az \u00e9let\u00e9hez tartoznak. A tan\u00edtv\u00e1ny tudat\u00e1ban van gyenges\u00e9geinek, de ezekb\u0151l er\u00e9nyeket kov\u00e1csol.\" width=\"580\" height=\"303\" srcset=\"https:\/\/imalanc.ro\/w\/wp-content\/uploads\/Jezus-aldozatahoz-kapcsoljuk-oda-a-sajatunkat-is.jpg 580w, https:\/\/imalanc.ro\/w\/wp-content\/uploads\/Jezus-aldozatahoz-kapcsoljuk-oda-a-sajatunkat-is-300x157.jpg 300w\" sizes=\"auto, (max-width: 580px) 100vw, 580px\" \/><\/a><\/p>\n<p><em>\u201eAki hozz\u00e1m j\u00f6n, de nem gy\u0171l\u00f6li apj\u00e1t, anyj\u00e1t, feles\u00e9g\u00e9t, gyermekeit, fiv\u00e9r\u00e9t \u00e9s n\u0151v\u00e9reit, s\u0151t m\u00e9g saj\u00e1t mag\u00e1t is, nem lehet az \u00e9n tan\u00edtv\u00e1nyom.<\/em><\/p>\n<p><em>Aki teh\u00e1t nem hordozza keresztj\u00e9t, \u00e9s nem \u00edgy k\u00f6vet engem, nem lehet az \u00e9n tan\u00edtv\u00e1nyom. Ha valaki k\u00f6z\u00fcletek tornyot akar \u00e9p\u00edteni, vajon nem \u00fcl le el\u0151bb, hogy kisz\u00e1m\u00edtsa a k\u00f6lts\u00e9geket, hogy van-e mib\u0151l befejeznie? Mert ha az alapokat lerakta, de (az \u00e9p\u00edtkez\u00e9st) befejezni nem tudta, mindenki, aki csak l\u00e1tja, g\u00fanyolni kezdi: \u00bbEz az ember \u00e9p\u00edtkez\u00e9sbe fogott, de nem tudta befejezni.\u00ab<\/em><\/p>\n<p><em>Vagy, ha egy kir\u00e1ly hadba vonul egy m\u00e1sik kir\u00e1ly ellen, el\u0151bb le\u00fcl \u00e9s sz\u00e1mot vet, vajon a maga t\u00edzezer katon\u00e1j\u00e1val szembe tud-e sz\u00e1llni azzal, aki h\u00faszezerrel j\u00f6n ellene? Mert ha nem, k\u00f6vets\u00e9get k\u00fcld hozz\u00e1, amikor m\u00e9g messze van, \u00e9s b\u00e9k\u00e9t k\u00e9r t\u0151le.<\/em><\/p>\n<p><em>Teh\u00e1t mindaz, aki k\u00f6z\u00fcletek nem mond le mindarr\u00f3l, amije van, nem lehet az \u00e9n tan\u00edtv\u00e1nyom.\u201d<\/em><\/p>\n<p style=\"text-align: center;\"><strong><em>Luk\u00e1cs Evang\u00e9liuma 14,25-33<\/em><\/strong><\/p>\n<p>J\u00e9zus komoly el\u0151felt\u00e9teleket k\u00f6vetel meg k\u00f6vet\u0151it\u0151l. Nem azt k\u00e9ri t\u0151l\u00fck, hogy gy\u0171l\u00f6lj\u00e9k hozz\u00e1tartoz\u00f3ikat, hanem ink\u00e1bb azt, hogy a vel\u00fck val\u00f3 viszonyul\u00e1suk v\u00e1ljon m\u00e1sodlagoss\u00e1.<\/p>\n<p>P\u00e9ldabesz\u00e9deiben a h\u00e1zat \u00e9p\u00edt\u0151 ember megfontolts\u00e1g\u00e1t, \u00e9s a hadba vonul\u00f3 kir\u00e1ly k\u00f6r\u00fcltekint\u00e9s\u00e9t emeli ki. A tan\u00edtv\u00e1ny fel kell m\u00e9rje, hogy k\u00e9pes-e mindenr\u0151l lemondani, vagy sem. Ett\u0151l f\u00fcgg a J\u00e9zussal l\u00e9trehozott k\u00f6z\u00f6ss\u00e9g.<\/p>\n<p>Ugyanakkor fontos t\u00e9nyez\u0151, hogy v\u00e1llalja fel \u00f6nmag\u00e1t, mert ellenkez\u0151 esetben csak p\u00f3tcselekm\u00e9nyekbe fog menek\u00fclni.<\/p>\n<p>J\u00e9zus h\u00fas-v\u00e9r, \u00e9rz\u0151 embereket h\u00edv meg, akik felel\u0151ss\u00e9get tudnak v\u00e1llalni \u00f6nmaguk\u00e9rt \u00e9s m\u00e1sok\u00e9rt.<\/p>\n<p>A tan\u00edtv\u00e1ny saj\u00e1t keresztj\u00e9t kell felvegye, hiszen a csal\u00e1dban kapott sebeket, \u00e9rt\u00e9keket nem lehet elv\u00e1lasztani a szem\u00e9ly\u00e9t\u0151l. Ezeket mag\u00e1val viszi, de nem kell megtagadja, mert az \u00e9let\u00e9hez tartoznak. A tan\u00edtv\u00e1ny tudat\u00e1ban van gyenges\u00e9geinek, de ezekb\u0151l er\u00e9nyeket kov\u00e1csol.<\/p>\n<p style=\"text-align: right;\"><strong><em>Ft. R\u00e1duly Istv\u00e1n Zsolt, Torda<\/em><\/strong><\/p>\n","protected":false},"excerpt":{"rendered":"Abban az id\u0151ben amikor J\u00e9zust nagy n\u00e9psokas\u00e1g k\u00f6vette, \u0151 hozz\u00e1juk fordult, \u00e9s \u00edgy sz\u00f3lt:","protected":false},"author":2,"featured_media":29393,"comment_status":"closed","ping_status":"closed","sticky":false,"template":"","format":"standard","meta":{"footnotes":""},"categories":[6],"tags":[],"class_list":["post-29840","post","type-post","status-publish","format-standard","has-post-thumbnail","hentry","category-igehirdetesek"],"_links":{"self":[{"href":"https:\/\/imalanc.ro\/w\/wp-json\/wp\/v2\/posts\/29840","targetHints":{"allow":["GET"]}}],"collection":[{"href":"https:\/\/imalanc.ro\/w\/wp-json\/wp\/v2\/posts"}],"about":[{"href":"https:\/\/imalanc.ro\/w\/wp-json\/wp\/v2\/types\/post"}],"author":[{"embeddable":true,"href":"https:\/\/imalanc.ro\/w\/wp-json\/wp\/v2\/users\/2"}],"replies":[{"embeddable":true,"href":"https:\/\/imalanc.ro\/w\/wp-json\/wp\/v2\/comments?post=29840"}],"version-history":[{"count":1,"href":"https:\/\/imalanc.ro\/w\/wp-json\/wp\/v2\/posts\/29840\/revisions"}],"predecessor-version":[{"id":29841,"href":"https:\/\/imalanc.ro\/w\/wp-json\/wp\/v2\/posts\/29840\/revisions\/29841"}],"wp:featuredmedia":[{"embeddable":true,"href":"https:\/\/imalanc.ro\/w\/wp-json\/wp\/v2\/media\/29393"}],"wp:attachment":[{"href":"https:\/\/imalanc.ro\/w\/wp-json\/wp\/v2\/media?parent=29840"}],"wp:term":[{"taxonomy":"category","embeddable":true,"href":"https:\/\/imalanc.ro\/w\/wp-json\/wp\/v2\/categories?post=29840"},{"taxonomy":"post_tag","embeddable":true,"href":"https:\/\/imalanc.ro\/w\/wp-json\/wp\/v2\/tags?post=29840"}],"curies":[{"name":"wp","href":"https:\/\/api.w.org\/{rel}","templated":true}]}}