{"id":29838,"date":"2023-11-07T22:38:05","date_gmt":"2023-11-07T21:38:05","guid":{"rendered":"https:\/\/imalanc.ro\/w\/?p=29838"},"modified":"2023-11-13T11:06:11","modified_gmt":"2023-11-13T10:06:11","slug":"jojjetek-minden-keszen-van-2","status":"publish","type":"post","link":"https:\/\/imalanc.ro\/w\/jojjetek-minden-keszen-van-2\/","title":{"rendered":"J\u00f6jjetek! Minden k\u00e9szen van!"},"content":{"rendered":"<p><em>J\u00e9zus egyszer egy el\u0151kel\u0151 farizeus h\u00e1z\u00e1ban eb\u00e9delt. A vend\u00e9gek k\u00f6z\u00fcl megsz\u00f3lalt valaki: \u201eBoldog, aki asztalhoz \u00fclhet Isten orsz\u00e1g\u00e1ban!\u201d<\/em><br \/>\n<!--more--><\/p>\n<p><em><a href=\"https:\/\/imalanc.ro\/w\/wp-content\/uploads\/Isten-igejet-hirdetni.jpg\"><img loading=\"lazy\" decoding=\"async\" class=\"wp-image-29041 size-full aligncenter\" title=\"Sokakat megh\u00edvott. Amikor elj\u00f6tt a lakoma ideje, elk\u00fcldte szolg\u00e1j\u00e1t, \u00e9s ezt \u00fczente a megh\u00edvottaknak: \u00bbJ\u00f6jjetek! Minden k\u00e9szen van!\u00ab De azok sorra menteget\u0151zni kezdtek.\" src=\"https:\/\/imalanc.ro\/w\/wp-content\/uploads\/Isten-igejet-hirdetni.jpg\" alt=\"\" width=\"580\" height=\"687\" srcset=\"https:\/\/imalanc.ro\/w\/wp-content\/uploads\/Isten-igejet-hirdetni.jpg 580w, https:\/\/imalanc.ro\/w\/wp-content\/uploads\/Isten-igejet-hirdetni-253x300.jpg 253w\" sizes=\"auto, (max-width: 580px) 100vw, 580px\" \/><\/a><\/em><\/p>\n<p><em>J\u00e9zus a k\u00f6vetkez\u0151 p\u00e9ldabesz\u00e9ddel v\u00e1laszolt: \u201eEgy ember nagy lakom\u00e1t rendezett. Sokakat megh\u00edvott. Amikor elj\u00f6tt a lakoma ideje, elk\u00fcldte szolg\u00e1j\u00e1t, \u00e9s ezt \u00fczente a megh\u00edvottaknak: \u00bbJ\u00f6jjetek! Minden k\u00e9szen van!\u00ab De azok sorra menteget\u0151zni kezdtek. <\/em><\/p>\n<p><em>Az els\u0151 azt \u00fczente: \u00bbF\u00f6ldet vettem. El kell mennem, hogy megn\u00e9zzem. K\u00e9rlek, ments ki engem!\u00ab A m\u00e1sik azt mondta: \u00bb\u00d6t iga \u00f6kr\u00f6t vettem, ki kell pr\u00f3b\u00e1lnom. K\u00e9rlek, ments ki engem!\u00ab Egy tov\u00e1bbi \u00edgy sz\u00f3lt: \u00bbMost n\u0151s\u00fcltem, nem mehetek.\u00ab<\/em><\/p>\n<p><em>A szolga hazat\u00e9rt, jelentette mindezt ur\u00e1nak. A h\u00e1zigazda haragra lobbant. Meghagyta szolg\u00e1j\u00e1nak: \u00bbMenj ki azonnal a v\u00e1ros tereire \u00e9s utc\u00e1ira, \u00e9s vezesd be ide a szeg\u00e9nyeket, b\u00e9n\u00e1kat, vakokat, s\u00e1nt\u00e1kat!\u00ab A szolga jelentette: \u00bbUram, parancsodat teljes\u00edtettem, de m\u00e9g mindig van hely.\u00ab Az \u00far akkor megparancsolta a szolg\u00e1nak: \u00bbMenj ki az orsz\u00e1gutakra \u00e9s a s\u00f6v\u00e9nyek ment\u00e9re, \u00e9s k\u00e9nyszer\u00edts be mindenkit, hogy megtelj\u00e9k a h\u00e1zam! Mondom nektek: Senki sem \u00edzleli meg lakom\u00e1mat azok k\u00f6z\u00fcl, akik hivatalosak voltak.\u00ab\u201d<\/em><\/p>\n<p style=\"text-align: center;\"><strong><em>Luk\u00e1cs Evang\u00e9liuma\u00a014,15-24<\/em><\/strong><\/p>\n<p>J\u00e9zus p\u00e9ldabesz\u00e9d\u00e9ben azokra gondol, akik visszautas\u00edtott\u00e1k az Isten orsz\u00e1g\u00e1ba sz\u00f3l\u00f3 megh\u00edv\u00e1st. Az elutas\u00edt\u00e1s okai nyom\u00f3sak, de egyik sem jelent felment\u00e9st a megh\u00edv\u00e1s s\u00fcrg\u0151ss\u00e9ge al\u00f3l.<\/p>\n<p>H\u00e9tk\u00f6znapinak t\u0171n\u0151 esetekb\u0151l von le egy \u00e1ltal\u00e1nos k\u00f6vetkeztet\u00e9st. Isten orsz\u00e1ga nem t\u0171r el halaszt\u00e1st. A megh\u00edv\u00e1s \u00e1ltal\u00e1nos, de nem mindenki v\u00e1ltja be a hozz\u00e1 f\u0171z\u0151d\u0151 rem\u00e9nyeket. Az emberi szabads\u00e1g nemcsak lehet\u0151s\u00e9g, hanem korl\u00e1t is.<\/p>\n<p>Ha rossz ir\u00e1nyba mozdul el, akkor m\u00e9g az Isten orsz\u00e1g\u00e1b\u00f3l is kirekeszthetj\u00fck magunkat. Isten mindent megtesz, hogy bejuthassunk az \u00f6r\u00f6k lakom\u00e1j\u00e1ba, de megk\u00e9rdez\u00e9s\u00fcnk n\u00e9lk\u00fcl nem fog betuszkolni az orsz\u00e1g\u00e1ba.<\/p>\n<p>A p\u00e9ldabesz\u00e9d v\u00e9g\u00e9n a h\u00e1tr\u00e1nyos helyzet\u0171ek, de a megh\u00edv\u00e1sra pozit\u00edvan v\u00e1laszol\u00f3k, lesznek a kedvezm\u00e9nyezettek.<\/p>\n<p style=\"text-align: right;\"><strong><em>Ft. R\u00e1duly Istv\u00e1n Zsolt, Torda<\/em><\/strong><\/p>\n","protected":false},"excerpt":{"rendered":"J\u00e9zus egyszer egy el\u0151kel\u0151 farizeus h\u00e1z\u00e1ban eb\u00e9delt. A vend\u00e9gek k\u00f6z\u00fcl megsz\u00f3lalt valaki: \u201eBoldog, aki asztalhoz \u00fclhet Isten orsz\u00e1g\u00e1ban!\u201d","protected":false},"author":2,"featured_media":29041,"comment_status":"closed","ping_status":"closed","sticky":false,"template":"","format":"standard","meta":{"footnotes":""},"categories":[6],"tags":[],"class_list":["post-29838","post","type-post","status-publish","format-standard","has-post-thumbnail","hentry","category-igehirdetesek"],"_links":{"self":[{"href":"https:\/\/imalanc.ro\/w\/wp-json\/wp\/v2\/posts\/29838","targetHints":{"allow":["GET"]}}],"collection":[{"href":"https:\/\/imalanc.ro\/w\/wp-json\/wp\/v2\/posts"}],"about":[{"href":"https:\/\/imalanc.ro\/w\/wp-json\/wp\/v2\/types\/post"}],"author":[{"embeddable":true,"href":"https:\/\/imalanc.ro\/w\/wp-json\/wp\/v2\/users\/2"}],"replies":[{"embeddable":true,"href":"https:\/\/imalanc.ro\/w\/wp-json\/wp\/v2\/comments?post=29838"}],"version-history":[{"count":3,"href":"https:\/\/imalanc.ro\/w\/wp-json\/wp\/v2\/posts\/29838\/revisions"}],"predecessor-version":[{"id":29864,"href":"https:\/\/imalanc.ro\/w\/wp-json\/wp\/v2\/posts\/29838\/revisions\/29864"}],"wp:featuredmedia":[{"embeddable":true,"href":"https:\/\/imalanc.ro\/w\/wp-json\/wp\/v2\/media\/29041"}],"wp:attachment":[{"href":"https:\/\/imalanc.ro\/w\/wp-json\/wp\/v2\/media?parent=29838"}],"wp:term":[{"taxonomy":"category","embeddable":true,"href":"https:\/\/imalanc.ro\/w\/wp-json\/wp\/v2\/categories?post=29838"},{"taxonomy":"post_tag","embeddable":true,"href":"https:\/\/imalanc.ro\/w\/wp-json\/wp\/v2\/tags?post=29838"}],"curies":[{"name":"wp","href":"https:\/\/api.w.org\/{rel}","templated":true}]}}