{"id":29836,"date":"2023-11-06T14:46:44","date_gmt":"2023-11-06T13:46:44","guid":{"rendered":"https:\/\/imalanc.ro\/w\/?p=29836"},"modified":"2023-11-13T11:44:14","modified_gmt":"2023-11-13T10:44:14","slug":"ha-lakomat-adsz-hivd-meg-a-szegenyeket-benakat-santakat-vakokat","status":"publish","type":"post","link":"https:\/\/imalanc.ro\/w\/ha-lakomat-adsz-hivd-meg-a-szegenyeket-benakat-santakat-vakokat\/","title":{"rendered":"Ha lakom\u00e1t adsz, h\u00edvd meg a szeg\u00e9nyeket, b\u00e9n\u00e1kat, s\u00e1nt\u00e1kat, vakokat"},"content":{"rendered":"<p><em>Az egyik szombaton J\u00e9zus bet\u00e9rt egy vezet\u0151 farizeus h\u00e1z\u00e1ba, hogy n\u00e1la \u00e9tkezz\u00e9k. \u00c9tkez\u00e9s k\u00f6zben a h\u00e1zigazd\u00e1hoz fordult:<\/em><br \/>\n<!--more--><a href=\"https:\/\/imalanc.ro\/w\/wp-content\/uploads\/Jezus-ald-meg-szekely-nepunket-Falfestmeny-Gyergyoalfalu-romai-katolikus-templom-1.jpg\"><img loading=\"lazy\" decoding=\"async\" class=\"aligncenter wp-image-24396 size-full\" src=\"https:\/\/imalanc.ro\/w\/wp-content\/uploads\/Jezus-ald-meg-szekely-nepunket-Falfestmeny-Gyergyoalfalu-romai-katolikus-templom-1.jpg\" alt=\"J\u00e9zussal a leghamarabb a kiszolg\u00e1ltatott szem\u00e9lyekben tal\u00e1lkozhatunk a leghamar\u00e1bb.\" width=\"580\" height=\"661\" srcset=\"https:\/\/imalanc.ro\/w\/wp-content\/uploads\/Jezus-ald-meg-szekely-nepunket-Falfestmeny-Gyergyoalfalu-romai-katolikus-templom-1.jpg 580w, https:\/\/imalanc.ro\/w\/wp-content\/uploads\/Jezus-ald-meg-szekely-nepunket-Falfestmeny-Gyergyoalfalu-romai-katolikus-templom-1-263x300.jpg 263w\" sizes=\"auto, (max-width: 580px) 100vw, 580px\" \/><\/a><\/p>\n<p><em>\u201eAmikor eb\u00e9det vagy vacsor\u00e1t adsz, ne h\u00edvd meg bar\u00e1taidat, se testv\u00e9reidet, se rokonaidat, se gazdag szomsz\u00e9daidat, mert azok is megh\u00edvnak \u00e9s viszonozz\u00e1k neked. Ha lakom\u00e1t adsz, h\u00edvd meg a szeg\u00e9nyeket, b\u00e9n\u00e1kat, s\u00e1nt\u00e1kat, vakokat. Boldog leszel, mert \u0151k nem tudj\u00e1k neked viszonozni. Te azonban az igazak felt\u00e1mad\u00e1sakor megkapod jutalmadat.\u201d<\/em><\/p>\n<p style=\"text-align: center;\"><strong><em>Luk\u00e1cs Evang\u00e9liuma 14,12-14<\/em><\/strong><\/p>\n<p>Luk\u00e1cs evang\u00e9lista nagyon \u00e9rz\u00e9keny volt a t\u00e1rsadalmi k\u00fcl\u00f6nbs\u00e9gekre, f\u0151leg a betegek \u00e9s peremre szorultak voltak figyelm\u00e9nek k\u00f6zpontj\u00e1ban. Ugyanakkor felh\u00edvja a figyelmet az elesettek ir\u00e1nt tan\u00fas\u00edtott cselekedetek \u00e9rdemszerz\u0151 hat\u00e1s\u00e1ra.<\/p>\n<p>Az oszt\u00e1lyk\u00fcl\u00f6nbs\u00e9gek megv\u00e1ltoztat\u00e1sa nem \u00e1ll m\u00f3dj\u00e1ban, de tudat\u00e1ban van annak, hogy a szeg\u00e9nyeken, illetve betegeken lehet seg\u00edteni. Ez a fajta \u00e9rz\u00e9kenys\u00e9g, sorsk\u00f6z\u00f6ss\u00e9g v\u00e1llal\u00e1sa fejez\u0151dik ki J\u00e9zus \u00e9s a vend\u00e9gl\u00e1t\u00f3 farizeus p\u00e1rbesz\u00e9d\u00e9ben. Az \u00fcdv\u00f6ss\u00e9g szempontj\u00e1b\u00f3l a legnagyobb cselekedet a felebar\u00e1t viszonz\u00e1s n\u00e9lk\u00fcli megseg\u00edt\u00e9se.<\/p>\n<p>A bar\u00e1tokat, rokonokat k\u00f6nnyebb megvend\u00e9gelni, az elesettek megvend\u00e9gel\u00e9se k\u00e9nyelmetlen \u00e9s nem annyira befutott gyakorlat. Az alapgondolat viszont arr\u00f3l sz\u00f3l, hogy J\u00e9zussal a leghamarabb a kiszolg\u00e1ltatott szem\u00e9lyekben tal\u00e1lkozhatunk a leghamar\u00e1bb.<\/p>\n<p style=\"text-align: right;\"><strong><em>Ft. R\u00e1duly Istv\u00e1n Zsolt, Torda<\/em><\/strong><\/p>\n","protected":false},"excerpt":{"rendered":"Az egyik szombaton J\u00e9zus bet\u00e9rt egy vezet\u0151 farizeus h\u00e1z\u00e1ba, hogy n\u00e1la \u00e9tkezz\u00e9k. \u00c9tkez\u00e9s k\u00f6zben a h\u00e1zigazd\u00e1hoz fordult:","protected":false},"author":2,"featured_media":7783,"comment_status":"closed","ping_status":"closed","sticky":false,"template":"","format":"standard","meta":{"footnotes":""},"categories":[6],"tags":[],"class_list":["post-29836","post","type-post","status-publish","format-standard","has-post-thumbnail","hentry","category-igehirdetesek"],"_links":{"self":[{"href":"https:\/\/imalanc.ro\/w\/wp-json\/wp\/v2\/posts\/29836","targetHints":{"allow":["GET"]}}],"collection":[{"href":"https:\/\/imalanc.ro\/w\/wp-json\/wp\/v2\/posts"}],"about":[{"href":"https:\/\/imalanc.ro\/w\/wp-json\/wp\/v2\/types\/post"}],"author":[{"embeddable":true,"href":"https:\/\/imalanc.ro\/w\/wp-json\/wp\/v2\/users\/2"}],"replies":[{"embeddable":true,"href":"https:\/\/imalanc.ro\/w\/wp-json\/wp\/v2\/comments?post=29836"}],"version-history":[{"count":1,"href":"https:\/\/imalanc.ro\/w\/wp-json\/wp\/v2\/posts\/29836\/revisions"}],"predecessor-version":[{"id":29837,"href":"https:\/\/imalanc.ro\/w\/wp-json\/wp\/v2\/posts\/29836\/revisions\/29837"}],"wp:featuredmedia":[{"embeddable":true,"href":"https:\/\/imalanc.ro\/w\/wp-json\/wp\/v2\/media\/7783"}],"wp:attachment":[{"href":"https:\/\/imalanc.ro\/w\/wp-json\/wp\/v2\/media?parent=29836"}],"wp:term":[{"taxonomy":"category","embeddable":true,"href":"https:\/\/imalanc.ro\/w\/wp-json\/wp\/v2\/categories?post=29836"},{"taxonomy":"post_tag","embeddable":true,"href":"https:\/\/imalanc.ro\/w\/wp-json\/wp\/v2\/tags?post=29836"}],"curies":[{"name":"wp","href":"https:\/\/api.w.org\/{rel}","templated":true}]}}