{"id":28502,"date":"2022-12-03T21:44:57","date_gmt":"2022-12-03T20:44:57","guid":{"rendered":"https:\/\/imalanc.ro\/w\/?p=28502"},"modified":"2023-12-17T22:48:37","modified_gmt":"2023-12-17T21:48:37","slug":"az-aratnivalo-sok-de-a-munkas-keves-4","status":"publish","type":"post","link":"https:\/\/imalanc.ro\/w\/az-aratnivalo-sok-de-a-munkas-keves-4\/","title":{"rendered":"Az aratnival\u00f3 sok, de a munk\u00e1s kev\u00e9s"},"content":{"rendered":"<p><em>Nyilv\u00e1nos m\u0171k\u00f6d\u00e9se idej\u00e9n J\u00e9zus bej\u00e1rt minden v\u00e1rost \u00e9s falut. <\/em><!--more--><a href=\"https:\/\/imalanc.ro\/w\/wp-content\/uploads\/Minden-csak-kegyelem-1-1.jpg\"><img loading=\"lazy\" decoding=\"async\" class=\"aligncenter wp-image-30139 size-full\" src=\"https:\/\/imalanc.ro\/w\/wp-content\/uploads\/Minden-csak-kegyelem-1-1.jpg\" alt=\"A kegyelem term\u00e9szet\u00e9n\u00e9l fogva Isten ingyenes aj\u00e1nd\u00e9ka azoknak, akik k\u00e9pesek m\u00e1sokat a vil\u00e1goss\u00e1gra, az \u00fcdv\u00f6ss\u00e9gre vezetni.\" width=\"580\" height=\"435\" srcset=\"https:\/\/imalanc.ro\/w\/wp-content\/uploads\/Minden-csak-kegyelem-1-1.jpg 580w, https:\/\/imalanc.ro\/w\/wp-content\/uploads\/Minden-csak-kegyelem-1-1-300x225.jpg 300w\" sizes=\"auto, (max-width: 580px) 100vw, 580px\" \/><\/a><\/p>\n<p><em>Tan\u00edtott a zsinag\u00f3g\u00e1kban, hirdette orsz\u00e1g\u00e1nak \u00f6r\u00f6mh\u00edr\u00e9t, meggy\u00f3gy\u00edtott minden betegs\u00e9get \u00e9s minden bajt. Ahogy v\u00e9gign\u00e9zett az embereken, megesett a sz\u00edve rajtuk, mert olyanok voltak, mint a p\u00e1sztor n\u00e9lk\u00fcli juhok: elcsig\u00e1zottak \u00e9s kimer\u00fcltek. Akkor \u00edgy sz\u00f3lt tan\u00edtv\u00e1nyaihoz:<\/em><\/p>\n<p><em>\u201eAz aratnival\u00f3 sok, de a munk\u00e1s kev\u00e9s. K\u00e9rj\u00e9tek az arat\u00e1s Ur\u00e1t, k\u00fcldj\u00f6n munk\u00e1sokat arat\u00e1s\u00e1ba!\u201d<\/em><br \/>\n<em>Akkor \u00f6sszeh\u00edvta tizenk\u00e9t tan\u00edtv\u00e1ny\u00e1t, \u00e9s hatalmat adott nekik, hogy ki\u0171zz\u00e9k a tiszt\u00e1talan lelkeket, \u00e9s meggy\u00f3gy\u00edtsanak minden betegs\u00e9get \u00e9s minden bajt. Majd elk\u00fcldte \u0151ket, \u00e9s megparancsolta nekik:<\/em><\/p>\n<p><em>\u201eMenjetek Izrael h\u00e1z\u00e1nak elveszett juhaihoz! Menjetek \u00e9s hirdess\u00e9tek: K\u00f6zel van a mennyek orsz\u00e1ga. <\/em><\/p>\n<p><em>Gy\u00f3gy\u00edtsatok betegeket, t\u00e1masszatok fel halottakat, tiszt\u00edtsatok meg lepr\u00e1sokat, \u0171zzetek ki \u00f6rd\u00f6g\u00f6ket! Ingyen kapt\u00e1tok, ingyen is adj\u00e1tok!\u201d<\/em><\/p>\n<p style=\"text-align: center;\"><strong><em>M\u00e1t\u00e9 Evang\u00e9liuma 9, 35\u201310, 1.6-8<\/em><\/strong><\/p>\n<p>J\u00e9zus ma is k\u00fcldi kiv\u00e1lasztott szem\u00e9lyeit, hogy hirdess\u00e9k az evang\u00e9liumot, gy\u00f3gy\u00edts\u00e1k a betegeket, \u00f6rd\u00f6g\u00f6ket \u0171zzenek ki, halottakat t\u00e1masszanak fel. J\u00e9zus nyilv\u00e1nos m\u0171k\u00f6d\u00e9s\u00e9nek kezdet\u00e9n Izaj\u00e1s pr\u00f3f\u00e9ta k\u00f6nyv\u00e9b\u0151l id\u00e9z, amikor saj\u00e1t messi\u00e1si k\u00fcldet\u00e9s\u00e9t hat\u00e1rozza meg: \u201cAz \u00dar Lelke van rajtam, az\u00e9rt kent fel engem, hogy \u00f6r\u00f6mh\u00edrt vigyek a szeg\u00e9nyeknek. Elk\u00fcld\u00f6tt, hogy hirdessem a foglyoknak a szabadul\u00e1st, a vakoknak a l\u00e1t\u00e1st, hogy szabadon bocs\u00e1ssam az elnyomottakat\u201d (Lk 4, 18).<\/p>\n<p>Saj\u00e1t k\u00fcldet\u00e9s\u00e9t nem tartja meg mag\u00e1nak, hanem apostolainak k\u00f6zvet\u00edti, hogy m\u00e9g nagyobb dolgoknak legyenek a szemtan\u00fai. J\u00e9zus k\u00fcldet\u00e9s-tudata mindenki sz\u00e1m\u00e1ra m\u00e9rvad\u00f3. Nem tartja meg \u00f6nmag\u00e1nak, hanem seg\u00edt\u0151 t\u00e1rsakat h\u00edvott meg, akik ugyanazzal a lelkesed\u00e9ssel, elk\u00f6telez\u0151d\u00e9ssel hirdett\u00e9k az evang\u00e9liumot. Az Egyh\u00e1z ma is csak az\u00e9r lehet \u00e9l\u0151, mert Krisztus Lelke tartja fent. Az \u00dar Lelke mindenkire ki akar \u00e1radni, be akarja t\u00f6lteni az eg\u00e9sz f\u00f6ldkereks\u00e9get.<\/p>\n<p>Nem szabad figyelmen k\u00edv\u00fcl hagyni J\u00e9zus utols\u00f3 meghagy\u00e1s\u00e1t sem, ti. ingyen kaptuk a kegyelmet. A kegyelem term\u00e9szet\u00e9n\u00e9l fogva Isten ingyenes aj\u00e1nd\u00e9ka azoknak, akik k\u00e9pesek m\u00e1sokat a vil\u00e1goss\u00e1gra, az \u00fcdv\u00f6ss\u00e9gre vezetni.<\/p>\n<p style=\"text-align: right;\"><strong><em>Ft. R\u00e1duly Istv\u00e1n Zsolt, K\u0151halom<\/em><\/strong><\/p>\n","protected":false},"excerpt":{"rendered":"Nyilv\u00e1nos m\u0171k\u00f6d\u00e9se idej\u00e9n J\u00e9zus bej\u00e1rt minden v\u00e1rost \u00e9s falut.","protected":false},"author":2,"featured_media":14601,"comment_status":"closed","ping_status":"closed","sticky":false,"template":"","format":"standard","meta":{"footnotes":""},"categories":[6],"tags":[],"class_list":["post-28502","post","type-post","status-publish","format-standard","has-post-thumbnail","hentry","category-igehirdetesek"],"_links":{"self":[{"href":"https:\/\/imalanc.ro\/w\/wp-json\/wp\/v2\/posts\/28502","targetHints":{"allow":["GET"]}}],"collection":[{"href":"https:\/\/imalanc.ro\/w\/wp-json\/wp\/v2\/posts"}],"about":[{"href":"https:\/\/imalanc.ro\/w\/wp-json\/wp\/v2\/types\/post"}],"author":[{"embeddable":true,"href":"https:\/\/imalanc.ro\/w\/wp-json\/wp\/v2\/users\/2"}],"replies":[{"embeddable":true,"href":"https:\/\/imalanc.ro\/w\/wp-json\/wp\/v2\/comments?post=28502"}],"version-history":[{"count":2,"href":"https:\/\/imalanc.ro\/w\/wp-json\/wp\/v2\/posts\/28502\/revisions"}],"predecessor-version":[{"id":30140,"href":"https:\/\/imalanc.ro\/w\/wp-json\/wp\/v2\/posts\/28502\/revisions\/30140"}],"wp:featuredmedia":[{"embeddable":true,"href":"https:\/\/imalanc.ro\/w\/wp-json\/wp\/v2\/media\/14601"}],"wp:attachment":[{"href":"https:\/\/imalanc.ro\/w\/wp-json\/wp\/v2\/media?parent=28502"}],"wp:term":[{"taxonomy":"category","embeddable":true,"href":"https:\/\/imalanc.ro\/w\/wp-json\/wp\/v2\/categories?post=28502"},{"taxonomy":"post_tag","embeddable":true,"href":"https:\/\/imalanc.ro\/w\/wp-json\/wp\/v2\/tags?post=28502"}],"curies":[{"name":"wp","href":"https:\/\/api.w.org\/{rel}","templated":true}]}}