{"id":25845,"date":"2021-08-23T23:33:08","date_gmt":"2021-08-23T21:33:08","guid":{"rendered":"https:\/\/imalanc.ro\/w\/?p=25845"},"modified":"2023-11-13T22:33:01","modified_gmt":"2023-11-13T21:33:01","slug":"elzarjatok-a-mennyek-orszagaba-vezeto-utat-az-emberek-elol","status":"publish","type":"post","link":"https:\/\/imalanc.ro\/w\/elzarjatok-a-mennyek-orszagaba-vezeto-utat-az-emberek-elol\/","title":{"rendered":"Elz\u00e1rj\u00e1tok a mennyek orsz\u00e1g\u00e1ba vezet\u0151 utat az emberek el\u0151l"},"content":{"rendered":"\r\n<p class=\"wp-block-paragraph\"><em>J\u00e9zus egyszer \u00edgy korholta a farizeusokat:<br \/><\/em><\/p>\r\n\r\n<p><!--more--><a href=\"https:\/\/imalanc.ro\/w\/wp-content\/uploads\/Aki-megvall-engem-az-emberek-elott.jpg\"><img loading=\"lazy\" decoding=\"async\" class=\"aligncenter wp-image-27112 size-full\" src=\"https:\/\/imalanc.ro\/w\/wp-content\/uploads\/Aki-megvall-engem-az-emberek-elott.jpg\" alt=\"Az emberek lelk\u00fck ig\u00e9ny\u00e9t vas\u00e1rnap nem a templomban el\u00e9g\u00edtik ki, hanem a pl\u00e1z\u00e1kban.\" width=\"580\" height=\"342\" srcset=\"https:\/\/imalanc.ro\/w\/wp-content\/uploads\/Aki-megvall-engem-az-emberek-elott.jpg 580w, https:\/\/imalanc.ro\/w\/wp-content\/uploads\/Aki-megvall-engem-az-emberek-elott-300x177.jpg 300w\" sizes=\"auto, (max-width: 580px) 100vw, 580px\" \/><\/a><\/p>\r\n<p><em data-rich-text-format-boundary=\"true\">Jaj, nektek, k\u00e9pmutat\u00f3 \u00edr\u00e1stud\u00f3k \u00e9s farizeusok! Elz\u00e1rj\u00e1tok a mennyek orsz\u00e1g\u00e1ba vezet\u0151 utat az emberek el\u0151l. Ti magatok nem mentek be oda, \u00e9s azokat sem engeditek odajutni, akik be szeretn\u00e9nek menni.<br data-rich-text-line-break=\"true\" \/><\/em><br data-rich-text-line-break=\"true\" \/><em>Jaj, nektek, k\u00e9pmutat\u00f3 \u00edr\u00e1stud\u00f3k \u00e9s farizeusok! Tengert \u00e9s sz\u00e1razf\u00f6ldet bej\u00e1rtok, hogy egyetlen pog\u00e1nyt megt\u00e9r\u00edtsetek, \u00e9s ha megt\u00e9rt, a k\u00e1rhozat fi\u00e1v\u00e1 teszitek, k\u00e9tszerte ink\u00e1bb, mint magatokat.<br data-rich-text-line-break=\"true\" \/><\/em><br data-rich-text-line-break=\"true\" \/><em>Jaj, nektek, vak vezet\u0151k! Azt mondj\u00e1tok: \u201eHa valaki a templomra esk\u00fcszik, az semmi; ha azonban a templom arany\u00e1ra esk\u00fcszik, az k\u00f6telez.\u201d Ti, esztelenek \u00e9s vakok! H\u00e1t mi nagyobb: az arany vagy a templom, amely megszenteli az aranyat? <\/em><br data-rich-text-line-break=\"true\" \/><br data-rich-text-line-break=\"true\" \/><em>\u2013 Tov\u00e1bb\u00e1 azt mondj\u00e1tok: \u201eHa valaki az olt\u00e1rra esk\u00fcszik, az semmi, de ha a rajta l\u00e9v\u0151 \u00e1ldozati aj\u00e1nd\u00e9kra esk\u00fcszik, az k\u00f6telez.\u201d \u2013 Ti, vakok! H\u00e1t mi nagyobb: az \u00e1ldozati aj\u00e1nd\u00e9k vagy az olt\u00e1r, amely megszenteli az aj\u00e1nd\u00e9kot? Aki teh\u00e1t az olt\u00e1rra esk\u00fcszik, az esk\u00fcszik az olt\u00e1rra \u00e9s mindarra, ami rajta van. Aki a templomra esk\u00fcszik, az esk\u00fcszik a templomra \u00e9s arra, aki ott lakik. V\u00e9g\u00fcl aki az \u00e9gre esk\u00fcszik, az az Isten tr\u00f3nj\u00e1ra esk\u00fcszik \u00e9s arra, aki a tr\u00f3non \u00fcl.<\/em><\/p>\r\n<p style=\"text-align: center;\"><em><strong data-rich-text-format-boundary=\"true\">M\u00e1t\u00e9 Evang\u00e9liuma 23, 13-22<\/strong><\/em><\/p>\r\n\r\n<pre class=\"wp-block-code\"><code>      El\u00e9gedetelens\u00e9g\u00fcnket k\u00fcl\u00f6nb\u00f6z\u0151 m\u00f3don szoktuk kifejezni. Egyesek azzal fejezik ki el\u00e9gedetlens\u00e9g\u00fcket m\u00e1sokkal szemben, hogy ker\u00fclik \u0151ket, illetve ker\u00fclik a t\u00e1rsalg\u00e1st, a tal\u00e1lkoz\u00e1st vel\u00fck. Ha m\u00e1sokn\u00e1l sz\u00f3ba ker\u00fcl az illet\u0151 szem\u00e9ly, akkor rosszat mondanak r\u00f3la, illetve panaszkodnak a r\u00e9sz\u00fckr\u0151l tapasztalt \u00e9lm\u00e9nyek, t\u00f6rt\u00e9n\u00e9sek miatt. M\u00e1sok ezt \u00fagy fejezik ki, hogy megdorg\u00e1lj\u00e1k a m\u00e1sikat, vagy lehordj\u00e1k \u0151t a fekete f\u00f6ldig.\r\n\r\n      J\u00e9zus saj\u00e1tos m\u00f3don fogalmazta meg el\u00e9gedetlens\u00e9g\u00e9t a farizeusokkal \u00e9s \u00edr\u00e1stud\u00f3kkal szemben. Jajj-okban fordul fel\u00e9j\u00fck, ezekkel fejezi ki nem-tesz\u00e9s\u00e9t vel\u00fck szemben. A jajj-ait meg is indokolja. Az els\u0151 kifog\u00e1sa vel\u00fck szemben, hogy megnehez\u00edtik m\u00e1soknak a mennybe jut\u00e1st. Tal\u00e1n \u00fagy viselkedtek, hogy modorukkal, cselekedeteikkel megbotr\u00e1nkoztattak m\u00e1sokat. Ez\u00e1ltal m\u00e9g jobban elt\u00e1vol\u00edtott\u00e1k \u0151ket Istent\u0151l. A kereszt\u00e9ny is kell \u00fcgyeljen, hogy hogyan viselkedik a t\u00e1rsadalomban, mert lehet, hogy a viselked\u00e9se alapj\u00e1n k\u00f6zelebb hozza az embereket Istenhez, vagy esetleg m\u00e9g jobban elt\u00e1vol\u00edtja \u0151ket.\r\n\r\n      Dolgoznak, de esztelen\u00fcl. Ezer kilom\u00e9tereket tesznek meg egyetlen l\u00e9lek megnyer\u00e9s\u00e9\u00e9rt, de ut\u00e1na annak is m\u00e9g jobban megnehez\u00edtik az \u00e9let\u00e9t. Misszi\u00f3jukat k\u00e9nyszeredetten teljes\u00edtett\u00e9k. Nem a szabads\u00e1g vezette \u0151ket cselekedeteikben, hanem a teljes\u00edtm\u00e9ny-k\u00e9nyszer. Anzelm Gr\u00fcn figyelmeztet, hogy ha valaki t\u00falhajszolja mag\u00e1t, ez el\u0151bb-ut\u00f3bb megbetegszik. A k\u00e9nyszer miatt, csak a teljes\u00edtm\u00e9nyre figyeltek, nem a k\u00fcldet\u00e9sre, a megt\u00e9r\u00edtett szem\u00e9ly\u00e9re.\r\n\r\n      Utols\u00f3 sorban pedig az \u00e9rt\u00e9kek felcser\u00e9l\u00e9s\u00e9t hozza fel indoknak ellen\u00fck. Az aranyat t\u00f6bbre tartott\u00e1k, mint a Templomot. Az anyagi javakat t\u00f6bbre becs\u00fclt\u00e9k az erk\u00f6lcsi, isteni javakn\u00e1l. <br \/><br \/>Sajnos az \u00e9rt\u00e9kek felcser\u00e9l\u00e9se ma sem \u00fajdons\u00e1g. Az emberek lelk\u00fck ig\u00e9ny\u00e9t vas\u00e1rnap nem a templomban el\u00e9g\u00edtik ki, hanem a pl\u00e1z\u00e1kban. Ezek a pl\u00e1z\u00e1k a posztmodern ember templomai, szent\u00e9lyei. Itt h\u00f3dolnak a k\u00e9nyelem, a p\u00e9nz, a pazarl\u00e1s isteneinek. A pl\u00e1za majmolja a vall\u00e1st. N\u00e9ha az Egyh\u00e1z is ut\u00e1nozza a pl\u00e1za kult\u00far\u00e1j\u00e1t, szubtilis haszonkalkul\u00e1ci\u00f3j\u00e1nak spiritualit\u00e1s\u00e1ban. \u00c9s ebben a m\u0171vil\u00e1gban, hybrid p\u00f3t\u00e9lm\u00e9nyekben a kereszt\u00e9ny pont ugyanolyan j\u00f3l \u00e9rzi mag\u00e1t, mint az \u00fajpog\u00e1ny. Istent pl\u00e1z\u00e1sitj\u00e1k, a gyors\u00e9termek st\u00edlus\u00e1t k\u00f6vetve gyorsan fogyasztj\u00e1k, majd elfelejtik. Ennek a konszumidi\u00f3ta vil\u00e1gnak mond nem-et Krisztus, amikor az isteni \u00e9s az emberi \u00e9rt\u00e9kek felcser\u00e9l\u00e9se miatt emelte fel hangj\u00e1t. Istent nem lehet csecsebecs\u00e9kkel, mesters\u00e9ges f\u00e9nyekkel, m\u0171\u00e9lm\u00e9nyekkel helyettes\u00edteni.<\/code><\/pre>\r\n\r\n\r\n\r\n<p class=\"wp-block-paragraph\">&nbsp;<\/p>\r\n<p class=\"has-text-align-right\" style=\"text-align: right;\"><em><strong>Ft. R\u00e1duly Istv\u00e1n Zsolt<\/strong><\/em><\/p>\r\n","protected":false},"excerpt":{"rendered":"J\u00e9zus egyszer \u00edgy korholta a farizeusokat:","protected":false},"author":2,"featured_media":18581,"comment_status":"closed","ping_status":"closed","sticky":false,"template":"","format":"standard","meta":{"footnotes":""},"categories":[6],"tags":[],"class_list":["post-25845","post","type-post","status-publish","format-standard","has-post-thumbnail","hentry","category-igehirdetesek"],"_links":{"self":[{"href":"https:\/\/imalanc.ro\/w\/wp-json\/wp\/v2\/posts\/25845","targetHints":{"allow":["GET"]}}],"collection":[{"href":"https:\/\/imalanc.ro\/w\/wp-json\/wp\/v2\/posts"}],"about":[{"href":"https:\/\/imalanc.ro\/w\/wp-json\/wp\/v2\/types\/post"}],"author":[{"embeddable":true,"href":"https:\/\/imalanc.ro\/w\/wp-json\/wp\/v2\/users\/2"}],"replies":[{"embeddable":true,"href":"https:\/\/imalanc.ro\/w\/wp-json\/wp\/v2\/comments?post=25845"}],"version-history":[{"count":3,"href":"https:\/\/imalanc.ro\/w\/wp-json\/wp\/v2\/posts\/25845\/revisions"}],"predecessor-version":[{"id":29971,"href":"https:\/\/imalanc.ro\/w\/wp-json\/wp\/v2\/posts\/25845\/revisions\/29971"}],"wp:featuredmedia":[{"embeddable":true,"href":"https:\/\/imalanc.ro\/w\/wp-json\/wp\/v2\/media\/18581"}],"wp:attachment":[{"href":"https:\/\/imalanc.ro\/w\/wp-json\/wp\/v2\/media?parent=25845"}],"wp:term":[{"taxonomy":"category","embeddable":true,"href":"https:\/\/imalanc.ro\/w\/wp-json\/wp\/v2\/categories?post=25845"},{"taxonomy":"post_tag","embeddable":true,"href":"https:\/\/imalanc.ro\/w\/wp-json\/wp\/v2\/tags?post=25845"}],"curies":[{"name":"wp","href":"https:\/\/api.w.org\/{rel}","templated":true}]}}