{"id":16680,"date":"2017-11-23T16:47:49","date_gmt":"2017-11-23T15:47:49","guid":{"rendered":"http:\/\/imalanc.ro\/w\/?p=16680"},"modified":"2023-12-21T00:42:35","modified_gmt":"2023-12-20T23:42:35","slug":"barcsak-felismerned-te-is-legalabb-ezen-a-napon-ami-udvossegedre-szolgal-2","status":"publish","type":"post","link":"https:\/\/imalanc.ro\/w\/barcsak-felismerned-te-is-legalabb-ezen-a-napon-ami-udvossegedre-szolgal-2\/","title":{"rendered":"B\u00e1rcsak felismern\u00e9d te is, legal\u00e1bb ezen a napon, ami \u00fcdv\u00f6ss\u00e9gedre szolg\u00e1l!"},"content":{"rendered":"<p style=\"text-align: justify;\"><em>\u00a0 \u00a0Amikor J\u00e9zus k\u00f6zel \u00e9rt Jeruzs\u00e1lemhez, \u00e9s megpillantotta a v\u00e1rost, s\u00edrva fakadt. Azut\u00e1n ezt mondta:<\/em><br \/>\n<!--more--><a href=\"https:\/\/imalanc.ro\/w\/wp-content\/uploads\/Gyontatas-nyelvek-szerint.jpg\"><img loading=\"lazy\" decoding=\"async\" class=\"aligncenter wp-image-19651 size-full\" src=\"https:\/\/imalanc.ro\/w\/wp-content\/uploads\/Gyontatas-nyelvek-szerint.jpg\" alt=\"Istennek nem telik kedve a b\u0171n\u00f6s\u00f6k hal\u00e1l\u00e1ban (Ez 18, 23), a kegyelem kioszt\u00e1s\u00e1ban telik kedve (Mik 7,18)\" width=\"580\" height=\"435\" srcset=\"https:\/\/imalanc.ro\/w\/wp-content\/uploads\/Gyontatas-nyelvek-szerint.jpg 580w, https:\/\/imalanc.ro\/w\/wp-content\/uploads\/Gyontatas-nyelvek-szerint-300x225.jpg 300w\" sizes=\"auto, (max-width: 580px) 100vw, 580px\" \/><\/a><\/p>\n<p style=\"text-align: justify;\"><em>\u00a0 \u00a0\u201eB\u00e1rcsak felismern\u00e9d te is, legal\u00e1bb ezen a napon, ami \u00fcdv\u00f6ss\u00e9gedre szolg\u00e1l! Most azonban el van rejtve szemed el\u0151tt. J\u00f6nnek majd napok, amikor s\u00e1nccal vesz k\u00f6r\u00fcl ellens\u00e9ged, beker\u00edt \u00e9s mindenfel\u0151l ostromol. Eltipornak t\u00e9ged \u00e9s gyermekeidet, akik falaid k\u00f6zt laknak. Nem hagynak benned k\u00f6vet k\u00f6v\u00f6n, mert nem ismerted fel l\u00e1togat\u00e1sod idej\u00e9t.\u201d<\/em><\/p>\n<p style=\"text-align: justify;\"><strong><em>\u00a0 \u00a0 \u00a0 \u00a0 \u00a0 \u00a0 \u00a0 \u00a0 \u00a0 \u00a0 \u00a0 \u00a0 \u00a0 \u00a0 \u00a0 \u00a0 \u00a0 \u00a0 \u00a0 \u00a0 \u00a0 \u00a0 \u00a0 \u00a0 \u00a0 \u00a0 \u00a0 \u00a0 \u00a0 \u00a0 \u00a0 \u00a0 \u00a0 \u00a0 \u00a0 \u00a0 \u00a0 \u00a0 \u00a0 \u00a0 Luk\u00e1cs Evang\u00e9liuma 19, 41-44<\/em><\/strong><\/p>\n<p style=\"text-align: justify;\">\u00a0 \u00a0J\u00e9zus or\u00e1kuluma egy olyan t\u00f6rt\u00e9nelem \u00e9rtelmez\u00e9si modellt \u00edr le, amely t\u00e1vol \u00e1ll Istent\u0151l. Az evang\u00e9lista a korabeli felfog\u00e1s szerinti tett \u2013 k\u00f6vetkezm\u00e9ny rendszert haszn\u00e1lta fel besz\u00e9d\u00e9nek meg\u00edr\u00e1s\u00e1ban. A Messi\u00e1s elutas\u00edt\u00e1sa miatt a szent v\u00e1rost el fogj\u00e1k puszt\u00edtani. Ez a k\u00e9p azonban nem felel meg Isten igazi tulajdons\u00e1gainak. Az emberekben l\u00e9tez\u0151 magatart\u00e1sform\u00e1kkal ruh\u00e1zza fel, amely sokszor ellentmond\u00e1sos, \u00e9s k\u00f6vetel\u0151z\u0151. Istennek nem telik kedve a b\u0171n\u00f6s\u00f6k hal\u00e1l\u00e1ban (<strong>Ez 18, 23<\/strong>), a kegyelem kioszt\u00e1s\u00e1ban telik kedve (<strong>Mik 7,18<\/strong>). M\u00e1r az \u00f3sz\u00f6vets\u00e9gi pr\u00f3f\u00e9tai j\u00f6vend\u00f6l\u00e9sek is tartalmazz\u00e1k Isten irgalmas j\u00f3s\u00e1g\u00e1t. Az \u00dar \u00e9rekz\u00e9s\u00e9nek a napj\u00e1t nem ismert\u00e9k fel, ez\u00e9rt kell majd az \u00dar \u00edt\u00e9let\u00e9nek a napj\u00e1val szembes\u00fcljenek. J\u00e9zus \u00fatja Jerusz\u00e1lembe kit\u00e9r\u0151kkel \u00e9s megszak\u00edt\u00e1sokkal t\u00f6rt\u00e9nt. Ezek az \u00e1llom\u00e1sok id\u0151t adnak a szenved\u00e9s k\u00e9sleltet\u00e9s\u00e9re, \u00e9s a szent v\u00e1ros pusztul\u00e1s\u00e1nak a j\u00f6vend\u00f6l\u00e9s\u00e9re. J\u00e9zus megs\u00edratja haz\u00e1j\u00e1nak kedvez\u0151tlen sors\u00e1t. Sajn\u00e1lja a szent v\u00e1rost, amely Isten dics\u0151s\u00e9g\u00e9t mutatta meg. Sajnos a pr\u00f3f\u00e9t\u00e1k is itt tapasztalt\u00e1k meg a vezet\u0151k r\u00e9sz\u00e9r\u0151l az elutas\u00edt\u00e1st \u00e9s az \u00fcld\u00f6ztet\u00e9st. Akkor sem hallgattak az \u00dar pr\u00f3f\u00e9t\u00e1ira, most meg a Messi\u00e1st utas\u00edtj\u00e1k el.<\/p>\n<p style=\"text-align: justify;\">\u00a0 \u00a0A jeruzs\u00e1lemiek nem fogadt\u00e1k el az egyszer\u0171, felt\u0171n\u00e9st ker\u00fcl\u0151 \u00fcnnepi menetet, ez\u00e9rt az er\u0151szakos menetet fogj\u00e1k megismerni. Ezek a j\u00f6vend\u00f6l\u00e9sek a korabeli felfog\u00e1st t\u00fckr\u00f6zik. Isten nem akarja a szent v\u00e1ros pusztul\u00e1s\u00e1t. A h\u00e1bor\u00fat nem \u0150 ind\u00edtja el, hanem az emberek \u00e9rdekeit\u0151l f\u00fcgg. Az ostrom napj\u00e1n \u00fcgyelni fog a v\u00e1ros lak\u00f3ira. Amennyiben T\u0151le telik m\u00e9rs\u00e9kelni fogja a szenved\u00e9seket \u00e9s a f\u00e1jdalmakat.<\/p>\n<p style=\"text-align: right;\"><strong><em>T. R\u00e1duly Istv\u00e1n Zsolt, K\u0151halom<\/em><\/strong><\/p>\n<p>&nbsp;<\/p>\n","protected":false},"excerpt":{"rendered":"\u00a0 \u00a0Amikor J\u00e9zus k\u00f6zel \u00e9rt Jeruzs\u00e1lemhez, \u00e9s megpillantotta a v\u00e1rost, s\u00edrva fakadt. Azut\u00e1n ezt mondta:","protected":false},"author":2,"featured_media":7741,"comment_status":"closed","ping_status":"closed","sticky":false,"template":"","format":"standard","meta":{"footnotes":""},"categories":[6],"tags":[],"class_list":["post-16680","post","type-post","status-publish","format-standard","has-post-thumbnail","hentry","category-igehirdetesek"],"_links":{"self":[{"href":"https:\/\/imalanc.ro\/w\/wp-json\/wp\/v2\/posts\/16680","targetHints":{"allow":["GET"]}}],"collection":[{"href":"https:\/\/imalanc.ro\/w\/wp-json\/wp\/v2\/posts"}],"about":[{"href":"https:\/\/imalanc.ro\/w\/wp-json\/wp\/v2\/types\/post"}],"author":[{"embeddable":true,"href":"https:\/\/imalanc.ro\/w\/wp-json\/wp\/v2\/users\/2"}],"replies":[{"embeddable":true,"href":"https:\/\/imalanc.ro\/w\/wp-json\/wp\/v2\/comments?post=16680"}],"version-history":[{"count":2,"href":"https:\/\/imalanc.ro\/w\/wp-json\/wp\/v2\/posts\/16680\/revisions"}],"predecessor-version":[{"id":30151,"href":"https:\/\/imalanc.ro\/w\/wp-json\/wp\/v2\/posts\/16680\/revisions\/30151"}],"wp:featuredmedia":[{"embeddable":true,"href":"https:\/\/imalanc.ro\/w\/wp-json\/wp\/v2\/media\/7741"}],"wp:attachment":[{"href":"https:\/\/imalanc.ro\/w\/wp-json\/wp\/v2\/media?parent=16680"}],"wp:term":[{"taxonomy":"category","embeddable":true,"href":"https:\/\/imalanc.ro\/w\/wp-json\/wp\/v2\/categories?post=16680"},{"taxonomy":"post_tag","embeddable":true,"href":"https:\/\/imalanc.ro\/w\/wp-json\/wp\/v2\/tags?post=16680"}],"curies":[{"name":"wp","href":"https:\/\/api.w.org\/{rel}","templated":true}]}}