{"id":1523,"date":"2013-08-26T12:09:43","date_gmt":"2013-08-26T10:09:43","guid":{"rendered":"http:\/\/imalanc.ro\/w\/?p=1523"},"modified":"2023-11-13T22:27:07","modified_gmt":"2023-11-13T21:27:07","slug":"aki-az-egre-eskuszik-az-isten-tronjara-eskuszik-es-arra-aki-a-tronon-ul","status":"publish","type":"post","link":"https:\/\/imalanc.ro\/w\/aki-az-egre-eskuszik-az-isten-tronjara-eskuszik-es-arra-aki-a-tronon-ul\/","title":{"rendered":"Aki az \u00e9gre esk\u00fcszik, az Isten tr\u00f3nj\u00e1ra esk\u00fcszik \u00e9s arra, aki a tr\u00f3non \u00fcl!"},"content":{"rendered":"<p style=\"text-align: justify;\"><em>\u00a0 \u00a0 <strong>J\u00e9zus egyszer \u00edgy korholta a farizeusokat:<\/strong> Jaj, nektek, k\u00e9pmutat\u00f3 \u00edr\u00e1stud\u00f3k \u00e9s farizeusok! Elz\u00e1rj\u00e1tok a mennyek orsz\u00e1g\u00e1ba vezet\u0151 utat az emberek el\u0151l. <\/em><\/p>\n<p style=\"text-align: justify;\"><!--more--><\/p>\n<p><em><a href=\"https:\/\/imalanc.ro\/w\/wp-content\/uploads\/A-Sirato-fal-Jeruzsalemben.jpg\"><img loading=\"lazy\" decoding=\"async\" class=\"size-full wp-image-1524 aligncenter\" title=\"A Sirat\u00f3fal Jeruzs\u00e1lemben.\" src=\"https:\/\/imalanc.ro\/w\/wp-content\/uploads\/A-Sirato-fal-Jeruzsalemben.jpg\" alt=\"\" width=\"570\" height=\"253\" srcset=\"https:\/\/imalanc.ro\/w\/wp-content\/uploads\/A-Sirato-fal-Jeruzsalemben.jpg 570w, https:\/\/imalanc.ro\/w\/wp-content\/uploads\/A-Sirato-fal-Jeruzsalemben-300x133.jpg 300w\" sizes=\"auto, (max-width: 570px) 100vw, 570px\" \/><\/a><\/em><\/p>\n<p style=\"text-align: justify;\"><em>\u00a0 \u00a0 \u00a0 Ti magatok nem mentek be oda, \u00e9s azokat sem engeditek odajutni, akik be szeretn\u00e9nek menni. Jaj, nektek, k\u00e9pmutat\u00f3 \u00edr\u00e1stud\u00f3k \u00e9s farizeusok! Tengert \u00e9s sz\u00e1razf\u00f6ldet bej\u00e1rtok, hogy egyetlen pog\u00e1nyt megt\u00e9r\u00edtsetek, \u00e9s ha megt\u00e9rt, a k\u00e1rhozat fi\u00e1v\u00e1 teszitek, k\u00e9tszerte ink\u00e1bb, mint magatokat. Jaj, nektek, vak vezet\u0151k! Azt mondj\u00e1tok: \u201eHa valaki a templomra esk\u00fcszik, az semmi; ha azonban a templom arany\u00e1ra esk\u00fcszik, az k\u00f6telez.\u201d <\/em><\/p>\n<p style=\"text-align: justify;\"><em>\u00a0 \u00a0 Ti, esztelenek \u00e9s vakok! H\u00e1t mi nagyobb: az arany vagy a templom, amely megszenteli az aranyat? \u2013 Tov\u00e1bb\u00e1 azt mondj\u00e1tok: \u201eHa valaki az olt\u00e1rra esk\u00fcszik, az semmi, de ha a rajta l\u00e9v\u0151 \u00e1ldozati aj\u00e1nd\u00e9kra esk\u00fcszik, az k\u00f6telez.\u201d \u2013 Ti, vakok! H\u00e1t mi nagyobb: az \u00e1ldozati aj\u00e1nd\u00e9k vagy az olt\u00e1r, amely megszenteli az aj\u00e1nd\u00e9kot? <\/em><\/p>\n<p style=\"text-align: justify;\"><em>\u00a0 \u00a0 \u00a0 \u00a0Aki teh\u00e1t az olt\u00e1rra esk\u00fcszik az esk\u00fcszik az olt\u00e1rra \u00e9s mindarra, ami rajta van. Aki a templomra esk\u00fcszik, az esk\u00fcszik a templomra \u00e9s arra aki ott lakik. V\u00e9g\u00fcl aki az \u00e9gre esk\u00fcszik, az az Isten tr\u00f3nj\u00e1ra esk\u00fcszik \u00e9s arra, aki a tr\u00f3non \u00fcl.<\/em><\/p>\n<p style=\"text-align: justify;\"><em>\u00a0 \u00a0 \u00a0 \u00a0 \u00a0 \u00a0 \u00a0 \u00a0 \u00a0 \u00a0 \u00a0 \u00a0 \u00a0 \u00a0 \u00a0 \u00a0 \u00a0 \u00a0 \u00a0 \u00a0 \u00a0 \u00a0 \u00a0 \u00a0 \u00a0 \u00a0 \u00a0 \u00a0 \u00a0 \u00a0 \u00a0<strong> M\u00e1t\u00e9 Evang\u00e9liuma 23,13-22<\/strong><\/em><\/p>\n<p style=\"text-align: justify;\">\u00a0 \u00a0 \u00a0J\u00e9zus el\u00e9gedetlen volt a farizeusok \u00e1lvall\u00e1soss\u00e1ga miatt. \u0150k a vall\u00e1si szok\u00e1sok \u00e9s t\u00f6rv\u00e9nyek rabjai voltak. Szent P\u00e1l a t\u00f6rv\u00e9nyr\u0151l a k\u00f6vetkez\u0151ket \u00edrta: \u201eMost azonban felszabadultunk a t\u00f6rv\u00e9ny al\u00f3l, mert meghaltunk annak, ami fogva tartott, s ez\u00e9rt \u00faj l\u00e9lekkel szolg\u00e1lunk, nem az elavult bet\u0171 szerint\u201d (R\u00f3m 7,6). A t\u00f6rv\u00e9nyt nem tartotta b\u0171nnek, de a tilalom alkalmat ny\u00fajtott a b\u0171n elk\u00f6vet\u00e9s\u00e9re.<\/p>\n<p style=\"text-align: justify;\">\u00a0 \u00a0 \u00a0A farizeusok, az emberek h\u00e1tr\u00e1ny\u00e1ra \u00e9s saj\u00e1t el\u0151ny\u00fckre, gyakran a t\u00f6rv\u00e9nyt helyezt\u00e9k el\u0151t\u00e9rbe. J\u00e9zus nem sz\u00fcntette meg a T\u00f6rv\u00e9nyt, de megt\u00f6lt\u00f6tte szeretettel, hiszen \u201ea t\u00f6rv\u00e9ny t\u00f6k\u00e9letes teljes\u00edt\u00e9se a szeretet\u201d (R\u00f3m 13,10). Ugyanakkor Szent P\u00e1l a Galat\u00e1khoz \u00edrt level\u00e9ben a T\u00f6rv\u00e9nyt a szabads\u00e1g ig\u00e1j\u00e1nak nevezte, ez al\u00f3l J\u00e9zus szabad\u00edtott ki minket.<\/p>\n<p style=\"text-align: justify;\">\u00a0 \u00a0A t\u00edzparancsolat megtart\u00e1sa nem el\u00e9g az \u00fcdv\u00f6ss\u00e9ghez, sz\u00fcks\u00e9g\u00fcnk van Isten megszentel\u0151 kegyelm\u00e9re. J\u00e9zus az\u00e9rt ostorozta a farizeusokat, mert az \u0151 \u201e\u00e9des ig\u00e1ja\u201d \u00e9s \u201ek\u00f6nny\u0171 terhe\u201d helyett a T\u00f6rv\u00e9ny ig\u00e1j\u00e1t varrt\u00e1k az emberek nyak\u00e1ba. Saj\u00e1t er\u0151nkb\u0151l nem vagyunk k\u00e9pesek megtartani a t\u00edzparancsolatot, J\u00e9zus a Szentl\u00e9lek \u00e1ltal akarja a t\u00f6rv\u00e9nyt a sz\u00edv\u00fcnkbe \u00edrni.<\/p>\n<p style=\"text-align: justify;\">\u00a0 \u00a0 \u00a0A t\u00f6rv\u00e9ny szerint a b\u0171n\u00f6s asszonyt meg kellett volna k\u00f6vezni, de J\u00e9zus megmentette \u00e9let\u00e9t a szeretet t\u00f6rv\u00e9ny\u00e9vel: \u201eAz vesse r\u00e1 az els\u0151 k\u00f6vet, aki b\u0171ntelen k\u00f6z\u00fcletek!\u201d (Jn 8,7) Amikor J\u00e9zus ezt elmondta, akkor ketten maradtak: a nyomor\u00fas\u00e1g \u00e9s az irgalom. (Szent \u00c1goston)<\/p>\n<p style=\"text-align: justify;\">\u00a0 \u00a0 \u00a0Irgalmatlan b\u00edr\u00e1ja vagy irgalmas szamarit\u00e1nusa vagyok embert\u00e1saimnak? Igazs\u00e1goss\u00e1gommal megk\u00f6nny\u00edtem m\u00e1sok \u00e9let\u00e9t, vagy \u00edt\u00e9letemmel m\u00e9g nehezebb\u00e9 teszem?<\/p>\n<p style=\"text-align: right;\"><em>T. R\u00e1duly Istv\u00e1n Zsolt, Beszterce<\/em><\/p>\n","protected":false},"excerpt":{"rendered":"\u00a0 \u00a0 J\u00e9zus egyszer \u00edgy korholta a farizeusokat: Jaj, nektek, k\u00e9pmutat\u00f3 \u00edr\u00e1stud\u00f3k \u00e9s farizeusok! Elz\u00e1rj\u00e1tok a mennyek orsz\u00e1g\u00e1ba vezet\u0151 utat&#8230;","protected":false},"author":2,"featured_media":7751,"comment_status":"closed","ping_status":"closed","sticky":false,"template":"","format":"standard","meta":{"footnotes":""},"categories":[6],"tags":[],"class_list":["post-1523","post","type-post","status-publish","format-standard","has-post-thumbnail","hentry","category-igehirdetesek"],"_links":{"self":[{"href":"https:\/\/imalanc.ro\/w\/wp-json\/wp\/v2\/posts\/1523","targetHints":{"allow":["GET"]}}],"collection":[{"href":"https:\/\/imalanc.ro\/w\/wp-json\/wp\/v2\/posts"}],"about":[{"href":"https:\/\/imalanc.ro\/w\/wp-json\/wp\/v2\/types\/post"}],"author":[{"embeddable":true,"href":"https:\/\/imalanc.ro\/w\/wp-json\/wp\/v2\/users\/2"}],"replies":[{"embeddable":true,"href":"https:\/\/imalanc.ro\/w\/wp-json\/wp\/v2\/comments?post=1523"}],"version-history":[{"count":3,"href":"https:\/\/imalanc.ro\/w\/wp-json\/wp\/v2\/posts\/1523\/revisions"}],"predecessor-version":[{"id":1526,"href":"https:\/\/imalanc.ro\/w\/wp-json\/wp\/v2\/posts\/1523\/revisions\/1526"}],"wp:featuredmedia":[{"embeddable":true,"href":"https:\/\/imalanc.ro\/w\/wp-json\/wp\/v2\/media\/7751"}],"wp:attachment":[{"href":"https:\/\/imalanc.ro\/w\/wp-json\/wp\/v2\/media?parent=1523"}],"wp:term":[{"taxonomy":"category","embeddable":true,"href":"https:\/\/imalanc.ro\/w\/wp-json\/wp\/v2\/categories?post=1523"},{"taxonomy":"post_tag","embeddable":true,"href":"https:\/\/imalanc.ro\/w\/wp-json\/wp\/v2\/tags?post=1523"}],"curies":[{"name":"wp","href":"https:\/\/api.w.org\/{rel}","templated":true}]}}